{"id":787,"date":"2014-11-24T07:49:40","date_gmt":"2014-11-24T07:49:40","guid":{"rendered":"http:\/\/vosto5.cz\/en\/dechovka-v-praze\/"},"modified":"2018-05-18T09:08:32","modified_gmt":"2018-05-18T09:08:32","slug":"dechovka-v-praze","status":"publish","type":"post","link":"https:\/\/vosto5.cz\/en\/2014\/11\/24\/dechovka-v-praze\/","title":{"rendered":"DECHOVKA se bl\u00ed\u017e\u00ed ke 100. repr\u00edze a z\u00e1rove\u0148 k derni\u00e9\u0159e + koncert Sto zv\u00ed\u0159at!"},"content":{"rendered":"","protected":false},"excerpt":{"rendered":"","protected":false},"author":2,"featured_media":0,"comment_status":"closed","ping_status":"closed","sticky":false,"template":"","format":"standard","meta":{"_acf_changed":false,"ngg_post_thumbnail":0,"footnotes":""},"categories":[17,1],"tags":[],"class_list":["post-787","post","type-post","status-publish","format-standard","hentry","category-news","category-novinky"],"acf":[],"_links":{"self":[{"href":"https:\/\/vosto5.cz\/en\/wp-json\/wp\/v2\/posts\/787","targetHints":{"allow":["GET"]}}],"collection":[{"href":"https:\/\/vosto5.cz\/en\/wp-json\/wp\/v2\/posts"}],"about":[{"href":"https:\/\/vosto5.cz\/en\/wp-json\/wp\/v2\/types\/post"}],"author":[{"embeddable":true,"href":"https:\/\/vosto5.cz\/en\/wp-json\/wp\/v2\/users\/2"}],"replies":[{"embeddable":true,"href":"https:\/\/vosto5.cz\/en\/wp-json\/wp\/v2\/comments?post=787"}],"version-history":[{"count":0,"href":"https:\/\/vosto5.cz\/en\/wp-json\/wp\/v2\/posts\/787\/revisions"}],"wp:attachment":[{"href":"https:\/\/vosto5.cz\/en\/wp-json\/wp\/v2\/media?parent=787"}],"wp:term":[{"taxonomy":"category","embeddable":true,"href":"https:\/\/vosto5.cz\/en\/wp-json\/wp\/v2\/categories?post=787"},{"taxonomy":"post_tag","embeddable":true,"href":"https:\/\/vosto5.cz\/en\/wp-json\/wp\/v2\/tags?post=787"}],"curies":[{"name":"wp","href":"https:\/\/api.w.org\/{rel}","templated":true}]}}